{"id":10501,"date":"2015-02-10T10:26:14","date_gmt":"2015-02-10T15:26:14","guid":{"rendered":"http:\/\/www.turistamagazine.com\/v2\/?p=10501"},"modified":"2015-02-10T10:26:14","modified_gmt":"2015-02-10T15:26:14","slug":"alvaro-gomez-gerente-general-regional-para-el-norte-de-latinoamerica-anuncia-su-retiro-de-amadeus","status":"publish","type":"post","link":"https:\/\/www.turistamagazine.com\/v2\/?p=10501","title":{"rendered":"\u00c1LVARO G\u00d3MEZ, GERENTE GENERAL REGIONAL PARA EL NORTE DE LATINOAM\u00c9RICA ANUNCIA SU RETIRO DE AMADEUS"},"content":{"rendered":"<p style=\"text-align: justify;\">10 de Febrero 2015 \u2013 Amadeus, proveedor tecnol\u00f3gico de referencia para la industria mundial del viaje anuncia hoy que, tras 14 a\u00f1os de una exitosa carrera en la compa\u00f1\u00eda, \u00c1lvaro G\u00f3mez, gerente general para la Regi\u00f3n Norte de Latinoam\u00e9rica, ha decidido emprender su retiro laboral.<\/p>\n<p style=\"text-align: justify;\">\u201cEs con sentimientos encontrados que anunciamos que \u00c1lvaro G\u00f3mez se retirar\u00e1 de su cargo como gerente general de la Regi\u00f3n Norte, despu\u00e9s de una larga y exitosa carrera \u00c1lvaro decide entrar en esta nueva etapa de su vida; no s\u00f3lo echaremos de menos su contribuci\u00f3n al negocio de Amadeus, sino que lo extra\u00f1aremos como un l\u00edder y colega muy apreciado,\u201d se\u00f1al\u00f3 Joost Schuring, Vicepresidente de Amadeus para Latinoam\u00e9rica &amp; el Caribe.<\/p>\n<p style=\"text-align: justify;\">\u00c1lvaro G\u00f3mez, directivo experto en la industria de los viajes, se incorpor\u00f3 a Amadeus en el a\u00f1o 2000 como director general de Colombia, tras su creciente contribuci\u00f3n al negocio de Amadeus en Latinoam\u00e9rica en 2007 fue promovido como director de la Regi\u00f3n Andina y en 2013 se convirti\u00f3 en director de la Regi\u00f3n Norte de Latinoam\u00e9rica.<\/p>\n<p style=\"text-align: justify;\">\u201cMi experiencia en Amadeus ha sido muy enriquecedora, sin duda, ha marcado mi camino. Sin embargo, es tiempo de emprender nuevos rumbos y tomar nuevos desaf\u00edos, estoy convencido que dejo mis responsabilidades en manos de la gente adecuada y, sobre todo, con continuar prestando buen servicio a nuestro clientes,\u201d apunt\u00f3 \u00c1lvaro G\u00f3mez.<\/p>\n<p style=\"text-align: justify;\">Para ocupar este puesto clave en la estructura y operaci\u00f3n de la Regi\u00f3n Norte, Amadeus nombr\u00f3 a Pablo Chalen, actual director para la Regi\u00f3n Sur de Latinoam\u00e9rica.<\/p>\n<div id=\"attachment_10503\" style=\"width: 263px\" class=\"wp-caption aligncenter\"><a href=\"https:\/\/www.turistamagazine.com\/v2\/wp-content\/uploads\/2015\/02\/Pablo-Chalen.jpg\"><img decoding=\"async\" aria-describedby=\"caption-attachment-10503\" class=\"size-medium wp-image-10503\" title=\"Pablo Chalen\" src=\"https:\/\/www.turistamagazine.com\/v2\/wp-content\/uploads\/2015\/02\/Pablo-Chalen-253x300.jpg\" alt=\"\" width=\"253\" height=\"300\" \/><\/a><p id=\"caption-attachment-10503\" class=\"wp-caption-text\">Pablo Chalen,<\/p><\/div>\n<p style=\"text-align: justify;\">Pablo se uni\u00f3 a Amadeus en 2011 y ha ocupado diversas posiciones en roles estrat\u00e9gicos de ventas y operaciones en Argentina y la Regi\u00f3n Sur de Latinoam\u00e9rica. En su nuevo rol estar\u00e1 a cargo del dise\u00f1o de estrategias comerciales para la Regi\u00f3n Norte, reportando directamente a Joost Schuring, vicepresidente de Amadeus para Latinoam\u00e9rica &amp; el Caribe.<\/p>\n<p>&nbsp;<\/p>\n<p>&nbsp;<\/p>\n","protected":false},"excerpt":{"rendered":"<p>10 de Febrero 2015 \u2013 Amadeus, proveedor tecnol\u00f3gico de referencia para la industria mundial del viaje anuncia hoy que, tras 14 a\u00f1os de una exitosa carrera en la compa\u00f1\u00eda, \u00c1lvaro G\u00f3mez, gerente general para la Regi\u00f3n Norte de Latinoam\u00e9rica, ha decidido emprender su retiro laboral. \u201cEs con sentimientos encontrados que anunciamos que \u00c1lvaro G\u00f3mez se retirar\u00e1 de su cargo como gerente general de la Regi\u00f3n Norte, despu\u00e9s de una larga y exitosa carrera \u00c1lvaro decide entrar en esta nueva etapa de su vida; no s\u00f3lo echaremos de menos su contribuci\u00f3n al negocio de Amadeus, sino que lo extra\u00f1aremos como un&#8230;<\/p>\n","protected":false},"author":1,"featured_media":0,"comment_status":"open","ping_status":"open","sticky":false,"template":"","format":"standard","meta":{"footnotes":""},"categories":[4,82],"tags":[],"class_list":["post-10501","post","type-post","status-publish","format-standard","hentry","category-breaking-news","category-nacionales"],"_links":{"self":[{"href":"https:\/\/www.turistamagazine.com\/v2\/index.php?rest_route=\/wp\/v2\/posts\/10501","targetHints":{"allow":["GET"]}}],"collection":[{"href":"https:\/\/www.turistamagazine.com\/v2\/index.php?rest_route=\/wp\/v2\/posts"}],"about":[{"href":"https:\/\/www.turistamagazine.com\/v2\/index.php?rest_route=\/wp\/v2\/types\/post"}],"author":[{"embeddable":true,"href":"https:\/\/www.turistamagazine.com\/v2\/index.php?rest_route=\/wp\/v2\/users\/1"}],"replies":[{"embeddable":true,"href":"https:\/\/www.turistamagazine.com\/v2\/index.php?rest_route=%2Fwp%2Fv2%2Fcomments&post=10501"}],"version-history":[{"count":3,"href":"https:\/\/www.turistamagazine.com\/v2\/index.php?rest_route=\/wp\/v2\/posts\/10501\/revisions"}],"predecessor-version":[{"id":10506,"href":"https:\/\/www.turistamagazine.com\/v2\/index.php?rest_route=\/wp\/v2\/posts\/10501\/revisions\/10506"}],"wp:attachment":[{"href":"https:\/\/www.turistamagazine.com\/v2\/index.php?rest_route=%2Fwp%2Fv2%2Fmedia&parent=10501"}],"wp:term":[{"taxonomy":"category","embeddable":true,"href":"https:\/\/www.turistamagazine.com\/v2\/index.php?rest_route=%2Fwp%2Fv2%2Fcategories&post=10501"},{"taxonomy":"post_tag","embeddable":true,"href":"https:\/\/www.turistamagazine.com\/v2\/index.php?rest_route=%2Fwp%2Fv2%2Ftags&post=10501"}],"curies":[{"name":"wp","href":"https:\/\/api.w.org\/{rel}","templated":true}]}}