{"id":10460,"date":"2015-02-07T10:45:48","date_gmt":"2015-02-07T15:45:48","guid":{"rendered":"http:\/\/www.turistamagazine.com\/v2\/?p=10460"},"modified":"2015-02-07T10:45:48","modified_gmt":"2015-02-07T15:45:48","slug":"antero-flores-araoz-acudira-al-dialogo-y-pide-a-partidos-dar-lo-mejor-por-el-pais","status":"publish","type":"post","link":"https:\/\/www.turistamagazine.com\/v2\/?p=10460","title":{"rendered":"ANTERO FLORES-AR\u00c1OZ ACUDIR\u00c1 AL DI\u00c1LOGO Y PIDE A PARTIDOS DAR LO MEJOR POR EL PA\u00cdS"},"content":{"rendered":"<p style=\"text-align: justify;\">Lima, feb. 07. El l\u00edder del partido pol\u00edtico <strong><span style=\"color: #000080;\">ORDEN\u00a0<\/span><em><span style=\"color: #000080;\">\u00c1ntero Flores-Ar\u00e1oz<\/span><\/em><\/strong>, confirm\u00f3 hoy que participar\u00e1 en el di\u00e1logo del lunes con el Poder Ejecutivo por un tema de responsabilidad y compromiso con el pa\u00eds, y pidi\u00f3 a los grupos partidarios dar lo mejor para que este proceso camine.<\/p>\n<p style=\"text-align: justify;\">\u201c<strong><em><span style=\"color: #000080;\">El partido que a todos nos une se\u00a0llama\u00a0Per\u00fa y por ello debemos dar lo mejor de cada cual para que el di\u00e1logo\u00a0camine. No somos enemigos, somos contendores y debemos hacer lo mejor por nuestro pa\u00eds\u201d,<\/span><\/em><\/strong> declar\u00f3 en TV Per\u00fa.<\/p>\n<p style=\"text-align: justify;\"><span style=\"color: #000080;\"><strong><em>Flores-Ar\u00e1oz<\/em><\/strong><\/span> explic\u00f3 que <strong><em><span style=\"color: #000080;\">\u201cno se puede dar la contra\u201d<\/span><\/em><\/strong> a un llamado del propio Presidente Ollanta Humala, quien convoc\u00f3 a las fuerzas pol\u00edticas para ser parte de una agenda com\u00fan en bien del pa\u00eds.<\/p>\n<p><span style=\"color: #000080;\"><strong><em>\u201cCuando el Presidente te convoca y busca concertar para que el pa\u00eds no detenga su desarrollo todos tenemos que darle un impulso reactivador\u201d<\/em><\/strong><\/span>, indic\u00f3.<\/p>\n<p style=\"text-align: justify;\">En cuanto a la continuaci\u00f3n del di\u00e1logo en un futuro se\u00f1al\u00f3 que el Acuerdo Nacional podr\u00eda ser una tribuna abierta para consensuar algunos puntos comunes por la presencia en dicho estamento de los partidos pol\u00edticos, la sociedad civil y gremios.<\/p>\n<p style=\"text-align: justify;\">Puntualiz\u00f3 que, al margen de las diferencias, se debe abrir paso al di\u00e1logo con el Ejecutivo, ya que en un a\u00f1o y medio ingresar\u00e1 un nuevo gobierno y qu\u00e9 mejor para la nueva autoridad que recibir un pa\u00eds s\u00f3lido y en buen estado.<\/p>\n<p style=\"text-align: justify;\"><span style=\"color: #000080;\"><strong><em>\u201cDialoguemos por el Per\u00fa y todos hagamos un esfuerzo por llevar las cosas adelante. A los que pretendemos ser gobierno en el 2016 nos conviene un pa\u00eds en desarrollo, en ascenso, con m\u00e1s seguridad ciudadana, que la gente tenga posibilidades laboral y con la inversi\u00f3n necesaria\u201d<\/em><\/strong><\/span>, concluy\u00f3.<\/p>\n<p style=\"text-align: justify;\">El di\u00e1logo convocado por el Ejecutivo se realizar\u00e1 el lunes a las 10:00 horas en Palacio de Gobierno y ser\u00e1 encabezado por el Presidente Ollanta Humala y la Jefa del Gabinete Ministerial, Ana Jara Vel\u00e1squez.<\/p>\n<p style=\"text-align: justify;\">La agenda a tratar implicar\u00e1 temas como la pobreza, el crecimiento econ\u00f3mico, la seguridad ciudadana y la lucha contra el crimen y contra la corrupci\u00f3n.<\/p>\n<p style=\"text-align: justify;\">F\/ Andina<\/p>\n","protected":false},"excerpt":{"rendered":"<p>Lima, feb. 07. El l\u00edder del partido pol\u00edtico ORDEN\u00a0\u00c1ntero Flores-Ar\u00e1oz, confirm\u00f3 hoy que participar\u00e1 en el di\u00e1logo del lunes con el Poder Ejecutivo por un tema de responsabilidad y compromiso con el pa\u00eds, y pidi\u00f3 a los grupos partidarios dar lo mejor para que este proceso camine. \u201cEl partido que a todos nos une se\u00a0llama\u00a0Per\u00fa y por ello debemos dar lo mejor de cada cual para que el di\u00e1logo\u00a0camine. No somos enemigos, somos contendores y debemos hacer lo mejor por nuestro pa\u00eds\u201d, declar\u00f3 en TV Per\u00fa. Flores-Ar\u00e1oz explic\u00f3 que \u201cno se puede dar la contra\u201d a un llamado del propio&#8230;<\/p>\n","protected":false},"author":1,"featured_media":0,"comment_status":"open","ping_status":"open","sticky":false,"template":"","format":"standard","meta":{"footnotes":""},"categories":[4,82],"tags":[1956,236,2649],"class_list":["post-10460","post","type-post","status-publish","format-standard","hentry","category-breaking-news","category-nacionales","tag-antero-flores-araoz","tag-ollanta-humala","tag-partido-orden"],"_links":{"self":[{"href":"https:\/\/www.turistamagazine.com\/v2\/index.php?rest_route=\/wp\/v2\/posts\/10460","targetHints":{"allow":["GET"]}}],"collection":[{"href":"https:\/\/www.turistamagazine.com\/v2\/index.php?rest_route=\/wp\/v2\/posts"}],"about":[{"href":"https:\/\/www.turistamagazine.com\/v2\/index.php?rest_route=\/wp\/v2\/types\/post"}],"author":[{"embeddable":true,"href":"https:\/\/www.turistamagazine.com\/v2\/index.php?rest_route=\/wp\/v2\/users\/1"}],"replies":[{"embeddable":true,"href":"https:\/\/www.turistamagazine.com\/v2\/index.php?rest_route=%2Fwp%2Fv2%2Fcomments&post=10460"}],"version-history":[{"count":3,"href":"https:\/\/www.turistamagazine.com\/v2\/index.php?rest_route=\/wp\/v2\/posts\/10460\/revisions"}],"predecessor-version":[{"id":10464,"href":"https:\/\/www.turistamagazine.com\/v2\/index.php?rest_route=\/wp\/v2\/posts\/10460\/revisions\/10464"}],"wp:attachment":[{"href":"https:\/\/www.turistamagazine.com\/v2\/index.php?rest_route=%2Fwp%2Fv2%2Fmedia&parent=10460"}],"wp:term":[{"taxonomy":"category","embeddable":true,"href":"https:\/\/www.turistamagazine.com\/v2\/index.php?rest_route=%2Fwp%2Fv2%2Fcategories&post=10460"},{"taxonomy":"post_tag","embeddable":true,"href":"https:\/\/www.turistamagazine.com\/v2\/index.php?rest_route=%2Fwp%2Fv2%2Ftags&post=10460"}],"curies":[{"name":"wp","href":"https:\/\/api.w.org\/{rel}","templated":true}]}}