{"id":1033,"date":"2014-01-30T10:00:13","date_gmt":"2014-01-30T15:00:13","guid":{"rendered":"http:\/\/www.turistamagazine.com\/v2\/?p=1033"},"modified":"2014-01-30T10:00:13","modified_gmt":"2014-01-30T15:00:13","slug":"perudefinen-acciones-para-mejorar-oferta-turistica-en-la-region-ayacucho","status":"publish","type":"post","link":"https:\/\/www.turistamagazine.com\/v2\/?p=1033","title":{"rendered":"PERU:DEFINEN ACCIONES PARA MEJORAR OFERTA TUR\u00cdSTICA EN LA REGI\u00d3N AYACUCHO"},"content":{"rendered":"<p style=\"text-align: justify;\">Instituciones representativas del sector turismo, entre p\u00fablicas y privadas, definieron acciones estrat\u00e9gicas y la elaboraci\u00f3n de un plan de trabajo a desarrollar en el corto plazo para la mejora de la oferta tur\u00edstica, adem\u00e1s de la identificaci\u00f3n y priorizaci\u00f3n del producto tur\u00edstico representativo de la regi\u00f3n, se inform\u00f3.(\u2026)<\/p>\n<p style=\"text-align: justify;\">\u00a0La reuni\u00f3n fue convocada por el Gobierno Regional de Ayacucho a trav\u00e9s de la Direcci\u00f3n Regional de Comercio Exterior y Turismo (Dircetur) Ayacucho, conjuntamente con el Ministerio de Comercio Exterior y Turismo (Mincetur).<\/p>\n<p style=\"text-align: justify;\">\u00a0Para este a\u00f1o se identific\u00f3 el producto denominado Ayacucho \u201cCiudad de la Iglesias\u201d, decisi\u00f3n tomada en base a un an\u00e1lisis desarrollado el pasado 4 de diciembre de 2013, en la jornada de trabajo convocada por el Mincetur, en Lima, donde se dieron cita los agentes involucrados directamente con el sector tur\u00edstico de cada regi\u00f3n y cada una defini\u00f3 su producto representativo.<\/p>\n<p style=\"text-align: justify;\">\u00a0Juan Carlos Arango, titular de la Dircetur Ayacucho dijo que la elaboraci\u00f3n de este plan de acci\u00f3n comprende un reto por consolidar a Ayacucho como un destino cultural, art\u00edstico, arquitect\u00f3nico e hist\u00f3rico, con elementos capaces de atraer nuevos flujos tur\u00edsticos.(\u2026) Por su parte, Rosa del Pilar Segura, representante del Mincetur y coordinadora por la regi\u00f3n Ayacucho, refiri\u00f3 que dentro de las acciones necesarias a determinar para el desarrollo del Producto Tur\u00edstico se encuentran la estructuraci\u00f3n de un ente gestor representativo del turismo en la regi\u00f3n.<\/p>\n<p style=\"text-align: justify;\">\n","protected":false},"excerpt":{"rendered":"<p>Instituciones representativas del sector turismo, entre p\u00fablicas y privadas, definieron acciones estrat\u00e9gicas y la elaboraci\u00f3n de un plan de trabajo a desarrollar en el corto plazo para la mejora de la oferta tur\u00edstica, adem\u00e1s de la identificaci\u00f3n y priorizaci\u00f3n del producto tur\u00edstico representativo de la regi\u00f3n, se inform\u00f3.(\u2026) \u00a0La reuni\u00f3n fue convocada por el Gobierno Regional de Ayacucho a trav\u00e9s de la Direcci\u00f3n Regional de Comercio Exterior y Turismo (Dircetur) Ayacucho, conjuntamente con el Ministerio de Comercio Exterior y Turismo (Mincetur). \u00a0Para este a\u00f1o se identific\u00f3 el producto denominado Ayacucho \u201cCiudad de la Iglesias\u201d, decisi\u00f3n tomada en base a un&#8230;<\/p>\n","protected":false},"author":1,"featured_media":0,"comment_status":"open","ping_status":"open","sticky":false,"template":"","format":"standard","meta":{"footnotes":""},"categories":[4,82],"tags":[329,330],"class_list":["post-1033","post","type-post","status-publish","format-standard","hentry","category-breaking-news","category-nacionales","tag-dircetur-ayacucho","tag-turismo-en-el-peru"],"_links":{"self":[{"href":"https:\/\/www.turistamagazine.com\/v2\/index.php?rest_route=\/wp\/v2\/posts\/1033","targetHints":{"allow":["GET"]}}],"collection":[{"href":"https:\/\/www.turistamagazine.com\/v2\/index.php?rest_route=\/wp\/v2\/posts"}],"about":[{"href":"https:\/\/www.turistamagazine.com\/v2\/index.php?rest_route=\/wp\/v2\/types\/post"}],"author":[{"embeddable":true,"href":"https:\/\/www.turistamagazine.com\/v2\/index.php?rest_route=\/wp\/v2\/users\/1"}],"replies":[{"embeddable":true,"href":"https:\/\/www.turistamagazine.com\/v2\/index.php?rest_route=%2Fwp%2Fv2%2Fcomments&post=1033"}],"version-history":[{"count":1,"href":"https:\/\/www.turistamagazine.com\/v2\/index.php?rest_route=\/wp\/v2\/posts\/1033\/revisions"}],"predecessor-version":[{"id":1034,"href":"https:\/\/www.turistamagazine.com\/v2\/index.php?rest_route=\/wp\/v2\/posts\/1033\/revisions\/1034"}],"wp:attachment":[{"href":"https:\/\/www.turistamagazine.com\/v2\/index.php?rest_route=%2Fwp%2Fv2%2Fmedia&parent=1033"}],"wp:term":[{"taxonomy":"category","embeddable":true,"href":"https:\/\/www.turistamagazine.com\/v2\/index.php?rest_route=%2Fwp%2Fv2%2Fcategories&post=1033"},{"taxonomy":"post_tag","embeddable":true,"href":"https:\/\/www.turistamagazine.com\/v2\/index.php?rest_route=%2Fwp%2Fv2%2Ftags&post=1033"}],"curies":[{"name":"wp","href":"https:\/\/api.w.org\/{rel}","templated":true}]}}