{"id":10290,"date":"2015-01-30T10:00:53","date_gmt":"2015-01-30T15:00:53","guid":{"rendered":"http:\/\/www.turistamagazine.com\/v2\/?p=10290"},"modified":"2015-01-30T10:00:53","modified_gmt":"2015-01-30T15:00:53","slug":"destacados-nombramientos-en-el-jw-marriott","status":"publish","type":"post","link":"https:\/\/www.turistamagazine.com\/v2\/?p=10290","title":{"rendered":"DESTACADOS NOMBRAMIENTOS EN EL JW MARRIOTT"},"content":{"rendered":"<p style=\"text-align: justify;\">JW Marriott se enorgullece en presentar los nuevos nombramientos de dos de sus m\u00e1s destacados asociados, gracias a su dedicaci\u00f3n, esfuerzo y excelencia laboral a trav\u00e9s de los a\u00f1os en sus diferentes propiedades JW Marriott Lima y JW Marriott El Convento Cusco. Se trata de la Sra. Gisella Roeder y el Sr. Mart\u00edn Subauste.<\/p>\n<p style=\"text-align: justify;\"><em><span style=\"color: #000080;\"><strong>Gisella Roeder<\/strong><\/span><\/em> ha sido nombrada Gerente Senior de Venta Proactiva para el departamento de Ventas en el JW Marriott. Se inici\u00f3 dentro de la cadena, ingresando al departamento de ventas. Posteriormente pas\u00f3 a ser Ejecutiva de Cuentas en el 2002.<\/p>\n<p style=\"text-align: justify;\">Durante el 2005 fue promovida a Gerente de Cuentas. Gisella Roeder \u00a0posee un gran liderazgo caracterizado por su actitud positiva en las actividades que desempe\u00f1a, adem\u00e1s de \u00a0la \u00e9tica laboral y el profesionalismo que refleja en sus acciones diarias, y su esp\u00edritu de superaci\u00f3n.<\/p>\n<p style=\"text-align: justify;\">Hoy, su nuevo cargo \u00a0es de Gerente Senior de Ventas Proactiva para el departamento de Ventas resultado de su esfuerzo y dedicaci\u00f3n durante todos estos a\u00f1os.<\/p>\n<p style=\"text-align: justify;\"><em><span style=\"color: #000080;\"><strong>Mart\u00edn Subauste<\/strong> <\/span><\/em>ha sido nombrado Gerente Senior de Tour and Travel para el departamento de Ventas del JW Marriott. Mart\u00edn es egresado de la Universidad San Mart\u00edn de Porres de la carrera de Turismo y Hoteler\u00eda e ingres\u00f3 a las filas de la cadena en el 2002 como Ejecutivo de Ventas Tour and Travel.<\/p>\n<div id=\"attachment_10292\" style=\"width: 241px\" class=\"wp-caption aligncenter\"><a href=\"https:\/\/www.turistamagazine.com\/v2\/wp-content\/uploads\/2015\/01\/Martin-Subauste.jpg\"><img decoding=\"async\" aria-describedby=\"caption-attachment-10292\" class=\"size-medium wp-image-10292\" title=\"Martin Subauste\" src=\"https:\/\/www.turistamagazine.com\/v2\/wp-content\/uploads\/2015\/01\/Martin-Subauste-231x300.jpg\" alt=\"\" width=\"231\" height=\"300\" \/><\/a><p id=\"caption-attachment-10292\" class=\"wp-caption-text\">Mart\u00edn Subauste<\/p><\/div>\n<p style=\"text-align: justify;\">Posteriormente Mart\u00edn pas\u00f3 a ser Account Manager durante el a\u00f1o 2005 y tres a\u00f1os m\u00e1s tarde, durante el 2008, fue promovido al puesto de Gerente de Ventas de Tour and Travel.<\/p>\n<p style=\"text-align: justify;\">La pasi\u00f3n por su trabajo le ha permitido construir una excelente relaci\u00f3n con cada uno de sus clientes \u2013 lo que es \u00a0reflejado en las ventas que ha generado en ambas propiedades \u2013su amplio conocimiento del mercado, su entusiasmo, entrega y diario esfuerzo, han hecho que actualmente Martin sea nombrado Gerente Senior de Tour and Travel, destac\u00e1ndose como un \u00a0asociado de mucho valor para JW Marriott Lima y JW Marriott El Convento Cusco.<\/p>\n<p style=\"text-align: justify;\"><span style=\"color: #000080;\"><strong><em>Felicitaciones a los dos ya que su esfuerzo y preparaci\u00f3n lo merece.<\/em><\/strong><\/span><\/p>\n","protected":false},"excerpt":{"rendered":"<p>JW Marriott se enorgullece en presentar los nuevos nombramientos de dos de sus m\u00e1s destacados asociados, gracias a su dedicaci\u00f3n, esfuerzo y excelencia laboral a trav\u00e9s de los a\u00f1os en sus diferentes propiedades JW Marriott Lima y JW Marriott El Convento Cusco. Se trata de la Sra. Gisella Roeder y el Sr. Mart\u00edn Subauste. Gisella Roeder ha sido nombrada Gerente Senior de Venta Proactiva para el departamento de Ventas en el JW Marriott. Se inici\u00f3 dentro de la cadena, ingresando al departamento de ventas. Posteriormente pas\u00f3 a ser Ejecutiva de Cuentas en el 2002. Durante el 2005 fue promovida a&#8230;<\/p>\n","protected":false},"author":1,"featured_media":0,"comment_status":"open","ping_status":"open","sticky":false,"template":"","format":"standard","meta":{"footnotes":""},"categories":[4,82],"tags":[867,3706,866,3740,2820],"class_list":["post-10290","post","type-post","status-publish","format-standard","hentry","category-breaking-news","category-nacionales","tag-jw-marriott-cusco","tag-jw-marriott-el-convento-cusco","tag-jw-marriott-lima","tag-martin-subauste","tag-universidad-san-martin-de-porres"],"_links":{"self":[{"href":"https:\/\/www.turistamagazine.com\/v2\/index.php?rest_route=\/wp\/v2\/posts\/10290","targetHints":{"allow":["GET"]}}],"collection":[{"href":"https:\/\/www.turistamagazine.com\/v2\/index.php?rest_route=\/wp\/v2\/posts"}],"about":[{"href":"https:\/\/www.turistamagazine.com\/v2\/index.php?rest_route=\/wp\/v2\/types\/post"}],"author":[{"embeddable":true,"href":"https:\/\/www.turistamagazine.com\/v2\/index.php?rest_route=\/wp\/v2\/users\/1"}],"replies":[{"embeddable":true,"href":"https:\/\/www.turistamagazine.com\/v2\/index.php?rest_route=%2Fwp%2Fv2%2Fcomments&post=10290"}],"version-history":[{"count":2,"href":"https:\/\/www.turistamagazine.com\/v2\/index.php?rest_route=\/wp\/v2\/posts\/10290\/revisions"}],"predecessor-version":[{"id":10294,"href":"https:\/\/www.turistamagazine.com\/v2\/index.php?rest_route=\/wp\/v2\/posts\/10290\/revisions\/10294"}],"wp:attachment":[{"href":"https:\/\/www.turistamagazine.com\/v2\/index.php?rest_route=%2Fwp%2Fv2%2Fmedia&parent=10290"}],"wp:term":[{"taxonomy":"category","embeddable":true,"href":"https:\/\/www.turistamagazine.com\/v2\/index.php?rest_route=%2Fwp%2Fv2%2Fcategories&post=10290"},{"taxonomy":"post_tag","embeddable":true,"href":"https:\/\/www.turistamagazine.com\/v2\/index.php?rest_route=%2Fwp%2Fv2%2Ftags&post=10290"}],"curies":[{"name":"wp","href":"https:\/\/api.w.org\/{rel}","templated":true}]}}