{"id":1027,"date":"2014-01-30T09:47:04","date_gmt":"2014-01-30T14:47:04","guid":{"rendered":"http:\/\/www.turistamagazine.com\/v2\/?p=1027"},"modified":"2014-01-30T10:32:25","modified_gmt":"2014-01-30T15:32:25","slug":"peru-fallo-de-la-haya-ha-sido-justo-y-debe-fortalecer-relacion-entre-peru-y-chile","status":"publish","type":"post","link":"https:\/\/www.turistamagazine.com\/v2\/?p=1027","title":{"rendered":"PERU: FALLO DE LA HAYA HA SIDO JUSTO Y DEBE FORTALECER RELACI\u00d3N ENTRE PER\u00da Y CHILE"},"content":{"rendered":"<p style=\"text-align: justify;\">El fallo de la Corte Internacional de Justicia de La Haya (CIJ) sobre el diferendo de l\u00edmites mar\u00edtimos entre Per\u00fa y Chile fue justo y ajustado a derecho, afirm\u00f3 hoy el agente del Per\u00fa ante ese tribunal supranacional, Allan Wagner, quien resalt\u00f3 que dicha sentencia debe fortalecer las relaciones entre ambas naciones. \u00abEs un fallo ajustado a derecho. Hay que leerlo completo&#8230; es un buen fallo, como suele ocurrir\u00bb, manifest\u00f3 al diario La Tercera de Chile.<\/p>\n<p style=\"text-align: justify;\">\u00a0Se\u00f1al\u00f3 que con la lectura completa de la sentencia se puede percibir cu\u00e1l ha sido el raciocinio de los jueces, que definieron el l\u00edmite mar\u00edtimo entre ambos pa\u00edses por una l\u00ednea paralela que se extiende hasta las 80 millas, seguida por una l\u00ednea equidistante que se ampl\u00eda hasta las 200 millas.<\/p>\n<p style=\"text-align: justify;\">\u00a0El agente peruano tambi\u00e9n expres\u00f3 su confianza de que el gobierno de Sebasti\u00e1n Pi\u00f1era y despu\u00e9s de Michelle Bachelet cumplir\u00e1n con la ejecuci\u00f3n del veredicto dado el pasado lunes 27 de enero en La Haya.<\/p>\n<p style=\"text-align: justify;\">\u00a0Reiter\u00f3 que el fallo de la CIJ de La Haya zanja definitivamente los problemas de l\u00edmites mar\u00edtimos entre Chile y Per\u00fa, al remarcar que los l\u00edmites terrestres con el pa\u00eds del sur fueron definidos a trav\u00e9s del Tratado de 1929.<\/p>\n<p style=\"text-align: justify;\">\u00a0\u00abDe manera que creo que es conveniente separar ambas cosas. No hay que mezclarlas, porque de lo contrario podemos perjudicar el estupendo clima que hemos tenido durante a\u00f1os y sobre todo, de los \u00faltimos meses\u00bb, anot\u00f3.<\/p>\n<p>\u00a0Wagner pidi\u00f3 mirar el fallo como un hecho positivo y como algo que debe fortalecer las relaciones entre Per\u00fa y Chile.<\/p>\n<p>&nbsp;<\/p>\n","protected":false},"excerpt":{"rendered":"<p>El fallo de la Corte Internacional de Justicia de La Haya (CIJ) sobre el diferendo de l\u00edmites mar\u00edtimos entre Per\u00fa y Chile fue justo y ajustado a derecho, afirm\u00f3 hoy el agente del Per\u00fa ante ese tribunal supranacional, Allan Wagner, quien resalt\u00f3 que dicha sentencia debe fortalecer las relaciones entre ambas naciones. \u00abEs un fallo ajustado a derecho. Hay que leerlo completo&#8230; es un buen fallo, como suele ocurrir\u00bb, manifest\u00f3 al diario La Tercera de Chile. \u00a0Se\u00f1al\u00f3 que con la lectura completa de la sentencia se puede percibir cu\u00e1l ha sido el raciocinio de los jueces, que definieron el l\u00edmite&#8230;<\/p>\n","protected":false},"author":1,"featured_media":0,"comment_status":"open","ping_status":"open","sticky":false,"template":"","format":"standard","meta":{"footnotes":""},"categories":[4,82],"tags":[325,139,324,161,296],"class_list":["post-1027","post","type-post","status-publish","format-standard","hentry","category-breaking-news","category-nacionales","tag-allan-wagner","tag-corte-internacional-de-justicia-de-la-haya","tag-michelle-bachelet","tag-peru-y-chile","tag-sebastian-pinera"],"_links":{"self":[{"href":"https:\/\/www.turistamagazine.com\/v2\/index.php?rest_route=\/wp\/v2\/posts\/1027","targetHints":{"allow":["GET"]}}],"collection":[{"href":"https:\/\/www.turistamagazine.com\/v2\/index.php?rest_route=\/wp\/v2\/posts"}],"about":[{"href":"https:\/\/www.turistamagazine.com\/v2\/index.php?rest_route=\/wp\/v2\/types\/post"}],"author":[{"embeddable":true,"href":"https:\/\/www.turistamagazine.com\/v2\/index.php?rest_route=\/wp\/v2\/users\/1"}],"replies":[{"embeddable":true,"href":"https:\/\/www.turistamagazine.com\/v2\/index.php?rest_route=%2Fwp%2Fv2%2Fcomments&post=1027"}],"version-history":[{"count":3,"href":"https:\/\/www.turistamagazine.com\/v2\/index.php?rest_route=\/wp\/v2\/posts\/1027\/revisions"}],"predecessor-version":[{"id":1045,"href":"https:\/\/www.turistamagazine.com\/v2\/index.php?rest_route=\/wp\/v2\/posts\/1027\/revisions\/1045"}],"wp:attachment":[{"href":"https:\/\/www.turistamagazine.com\/v2\/index.php?rest_route=%2Fwp%2Fv2%2Fmedia&parent=1027"}],"wp:term":[{"taxonomy":"category","embeddable":true,"href":"https:\/\/www.turistamagazine.com\/v2\/index.php?rest_route=%2Fwp%2Fv2%2Fcategories&post=1027"},{"taxonomy":"post_tag","embeddable":true,"href":"https:\/\/www.turistamagazine.com\/v2\/index.php?rest_route=%2Fwp%2Fv2%2Ftags&post=1027"}],"curies":[{"name":"wp","href":"https:\/\/api.w.org\/{rel}","templated":true}]}}