{"id":10240,"date":"2015-01-28T07:29:55","date_gmt":"2015-01-28T12:29:55","guid":{"rendered":"http:\/\/www.turistamagazine.com\/v2\/?p=10240"},"modified":"2015-01-28T07:29:55","modified_gmt":"2015-01-28T12:29:55","slug":"dia-de-la-soberania-maritima","status":"publish","type":"post","link":"https:\/\/www.turistamagazine.com\/v2\/?p=10240","title":{"rendered":"\u201cD\u00cdA DE LA SOBERAN\u00cdA MAR\u00cdTIMA\u201d"},"content":{"rendered":"<p style=\"text-align: justify;\"><strong><span style=\"color: #000080;\">FRAN-CA-MENTE.<\/span>&#8211; <\/strong>La presidenta del Consejo de Ministros, Ana Jara, anunci\u00f3\u00a0 que el Gobierno aprob\u00f3 un proyecto de ley que declara el 27 de enero de cada a\u00f1o <span style=\"color: #000080;\"><strong><em>D\u00eda de la Soberan\u00eda Mar\u00edtima,<\/em><\/strong><\/span> espera que sea respaldado por el Congreso\u201d de la Rep\u00fablica\u2026 Por favor Anita\u2026 es obligaci\u00f3n de los padres de la patria aprobar de inmediato esta propuesta\u2026 <strong><span style=\"color: #000080;\"><em>A<\/em><\/span><em><span style=\"color: #000080;\">unque con estos padres de la patria los peruanos preferir\u00edamos ser hu\u00e9rfanos\u2026<\/span><\/em><\/strong><em><span style=\"color: #000080;\"><\/span><\/em><\/p>\n<p style=\"text-align: justify;\">Ya deb\u00eda estar aprobada este proyecto de ley, es m\u00e1s la propuesta deb\u00eda haber salido del parlamento\u2026<\/p>\n<p style=\"text-align: justify;\"><span style=\"color: #000080;\"><strong><em>Si tenemos \u00a0ya el d\u00eda del anticucho, del pollo a la brasa, del pisco sour, del chicharr\u00f3n peruano, del ceviche, \u00a0el d\u00eda del cuy, etc,etc. etc., y naturalmente de much\u00edsimos santos ya que son los peruanos somos muy religiosos \u00bf Por qu\u00e9 no vamos a tener un d\u00eda\u00a0 para recordar y celebrar un hito hist\u00f3rico en la vida republicana del pa\u00eds\u2026<\/em><\/strong><\/span><\/p>\n<p style=\"text-align: justify;\">\u00a0A despertar padres de la patria que para eso les pagamos para trabajar y no perder el tiempo en discusiones bizantinas y en echarse la culpa unos a los otros de cada metida de pata que tienen\u2026<span style=\"color: #000080;\"><strong><em> Felizmente no hay mal que dure cien a\u00f1os ni cuerpo que lo resista, ya les falta s\u00f3lo dos a\u00f1os para ir a casita\u2026<\/em><\/strong><\/span> <span style=\"color: #000080;\"><strong>FRAN-CA-MENTE<\/strong><\/span><\/p>\n<p style=\"text-align: justify;\"><strong>\u00a0<\/strong><\/p>\n","protected":false},"excerpt":{"rendered":"<p>FRAN-CA-MENTE.&#8211; La presidenta del Consejo de Ministros, Ana Jara, anunci\u00f3\u00a0 que el Gobierno aprob\u00f3 un proyecto de ley que declara el 27 de enero de cada a\u00f1o D\u00eda de la Soberan\u00eda Mar\u00edtima, espera que sea respaldado por el Congreso\u201d de la Rep\u00fablica\u2026 Por favor Anita\u2026 es obligaci\u00f3n de los padres de la patria aprobar de inmediato esta propuesta\u2026 Aunque con estos padres de la patria los peruanos preferir\u00edamos ser hu\u00e9rfanos\u2026 Ya deb\u00eda estar aprobada este proyecto de ley, es m\u00e1s la propuesta deb\u00eda haber salido del parlamento\u2026 Si tenemos \u00a0ya el d\u00eda del anticucho, del pollo a la brasa, del&#8230;<\/p>\n","protected":false},"author":1,"featured_media":0,"comment_status":"open","ping_status":"open","sticky":false,"template":"","format":"standard","meta":{"footnotes":""},"categories":[346],"tags":[],"class_list":["post-10240","post","type-post","status-publish","format-standard","hentry","category-francamente"],"_links":{"self":[{"href":"https:\/\/www.turistamagazine.com\/v2\/index.php?rest_route=\/wp\/v2\/posts\/10240","targetHints":{"allow":["GET"]}}],"collection":[{"href":"https:\/\/www.turistamagazine.com\/v2\/index.php?rest_route=\/wp\/v2\/posts"}],"about":[{"href":"https:\/\/www.turistamagazine.com\/v2\/index.php?rest_route=\/wp\/v2\/types\/post"}],"author":[{"embeddable":true,"href":"https:\/\/www.turistamagazine.com\/v2\/index.php?rest_route=\/wp\/v2\/users\/1"}],"replies":[{"embeddable":true,"href":"https:\/\/www.turistamagazine.com\/v2\/index.php?rest_route=%2Fwp%2Fv2%2Fcomments&post=10240"}],"version-history":[{"count":2,"href":"https:\/\/www.turistamagazine.com\/v2\/index.php?rest_route=\/wp\/v2\/posts\/10240\/revisions"}],"predecessor-version":[{"id":10257,"href":"https:\/\/www.turistamagazine.com\/v2\/index.php?rest_route=\/wp\/v2\/posts\/10240\/revisions\/10257"}],"wp:attachment":[{"href":"https:\/\/www.turistamagazine.com\/v2\/index.php?rest_route=%2Fwp%2Fv2%2Fmedia&parent=10240"}],"wp:term":[{"taxonomy":"category","embeddable":true,"href":"https:\/\/www.turistamagazine.com\/v2\/index.php?rest_route=%2Fwp%2Fv2%2Fcategories&post=10240"},{"taxonomy":"post_tag","embeddable":true,"href":"https:\/\/www.turistamagazine.com\/v2\/index.php?rest_route=%2Fwp%2Fv2%2Ftags&post=10240"}],"curies":[{"name":"wp","href":"https:\/\/api.w.org\/{rel}","templated":true}]}}