{"id":10215,"date":"2015-01-27T07:11:04","date_gmt":"2015-01-27T12:11:04","guid":{"rendered":"http:\/\/www.turistamagazine.com\/v2\/?p=10215"},"modified":"2015-01-27T07:11:04","modified_gmt":"2015-01-27T12:11:04","slug":"barranquilla-aspira-a-ser-sede-de-miss-universo","status":"publish","type":"post","link":"https:\/\/www.turistamagazine.com\/v2\/?p=10215","title":{"rendered":"BARRANQUILLA ASPIRA A SER SEDE DE MISS UNIVERSO"},"content":{"rendered":"<p style=\"text-align: justify;\">27 de Enero de 2015.-La alcaldesa de Barranquilla, Elsa Noguera, afirm\u00f3 que ahora que tenemos Miss Universo, la ciudad puede aspirar a ser sede del certamen internacional. La mandataria no descarta iniciar gestiones ante los organizadores del evento, para que el Miss Universo del 2016<\/p>\n<p style=\"text-align: justify;\">La alcaldesa de Barranquilla dijo que con Paulina Vega Dieppa como Miss Universo, la ciudad tiene una gran oportunidad para aspirar a ser sede del evento internacional.<\/p>\n<p style=\"text-align: justify;\">La mandataria local afirm\u00f3 que sobre este tema se explor\u00f3 en una reuni\u00f3n reciente con los organizadores que tambi\u00e9n se mostraron interesados en el Hotel El Prado.<\/p>\n<p style=\"text-align: justify;\">La alcaldesa Noguera afirm\u00f3 que enviar\u00e1 la comunicaci\u00f3n oficial en la que solicita la presencia de Paulina para que haga la apertura de la batalla de flores en el Carnaval de Barranquilla. Reconoci\u00f3 que resulta muy dif\u00edcil por la complicada agenda, pero que con optimismo se realizar\u00e1 la gesti\u00f3n.<\/p>\n<p>Caracol radio\/ Foto: Agencia EFE<\/p>\n","protected":false},"excerpt":{"rendered":"<p>27 de Enero de 2015.-La alcaldesa de Barranquilla, Elsa Noguera, afirm\u00f3 que ahora que tenemos Miss Universo, la ciudad puede aspirar a ser sede del certamen internacional. La mandataria no descarta iniciar gestiones ante los organizadores del evento, para que el Miss Universo del 2016 La alcaldesa de Barranquilla dijo que con Paulina Vega Dieppa como Miss Universo, la ciudad tiene una gran oportunidad para aspirar a ser sede del evento internacional. La mandataria local afirm\u00f3 que sobre este tema se explor\u00f3 en una reuni\u00f3n reciente con los organizadores que tambi\u00e9n se mostraron interesados en el Hotel El Prado. La&#8230;<\/p>\n","protected":false},"author":1,"featured_media":0,"comment_status":"open","ping_status":"open","sticky":false,"template":"","format":"standard","meta":{"footnotes":""},"categories":[4,84],"tags":[206,3720,3721,3722],"class_list":["post-10215","post","type-post","status-publish","format-standard","hentry","category-breaking-news","category-internacionales","tag-colombia","tag-miss-iniverso","tag-paulina-vega-dieppa","tag-paulina-vega-dieppa-miss-universo-2015"],"_links":{"self":[{"href":"https:\/\/www.turistamagazine.com\/v2\/index.php?rest_route=\/wp\/v2\/posts\/10215","targetHints":{"allow":["GET"]}}],"collection":[{"href":"https:\/\/www.turistamagazine.com\/v2\/index.php?rest_route=\/wp\/v2\/posts"}],"about":[{"href":"https:\/\/www.turistamagazine.com\/v2\/index.php?rest_route=\/wp\/v2\/types\/post"}],"author":[{"embeddable":true,"href":"https:\/\/www.turistamagazine.com\/v2\/index.php?rest_route=\/wp\/v2\/users\/1"}],"replies":[{"embeddable":true,"href":"https:\/\/www.turistamagazine.com\/v2\/index.php?rest_route=%2Fwp%2Fv2%2Fcomments&post=10215"}],"version-history":[{"count":3,"href":"https:\/\/www.turistamagazine.com\/v2\/index.php?rest_route=\/wp\/v2\/posts\/10215\/revisions"}],"predecessor-version":[{"id":10219,"href":"https:\/\/www.turistamagazine.com\/v2\/index.php?rest_route=\/wp\/v2\/posts\/10215\/revisions\/10219"}],"wp:attachment":[{"href":"https:\/\/www.turistamagazine.com\/v2\/index.php?rest_route=%2Fwp%2Fv2%2Fmedia&parent=10215"}],"wp:term":[{"taxonomy":"category","embeddable":true,"href":"https:\/\/www.turistamagazine.com\/v2\/index.php?rest_route=%2Fwp%2Fv2%2Fcategories&post=10215"},{"taxonomy":"post_tag","embeddable":true,"href":"https:\/\/www.turistamagazine.com\/v2\/index.php?rest_route=%2Fwp%2Fv2%2Ftags&post=10215"}],"curies":[{"name":"wp","href":"https:\/\/api.w.org\/{rel}","templated":true}]}}