{"id":1015,"date":"2014-01-28T14:56:53","date_gmt":"2014-01-28T19:56:53","guid":{"rendered":"http:\/\/www.turistamagazine.com\/v2\/?p=1015"},"modified":"2014-01-28T14:56:53","modified_gmt":"2014-01-28T19:56:53","slug":"perueste-verano-tendremos-calor-hasta-de-31-grados-en-algunas-zonas-de-lima","status":"publish","type":"post","link":"https:\/\/www.turistamagazine.com\/v2\/?p=1015","title":{"rendered":"PERU:ESTE VERANO TENDREMOS CALOR HASTA DE  31 GRADOS EN ALGUNAS ZONAS DE LIMA"},"content":{"rendered":"<p style=\"text-align: justify;\">\n<p style=\"text-align: justify;\">Los pobladores de los distritos del Este de Lima soportar\u00e1n una semana bastante calurosa al registrar temperaturas que alcanzar\u00e1n los 31 grados cent\u00edgrados, inform\u00f3 hoy el Servicio Nacional de Meteorolog\u00eda e Hidrolog\u00eda (Senamhi).<\/p>\n<p style=\"text-align: justify;\">\u00a0Teresa Garc\u00eda, especialista de la instituci\u00f3n, precis\u00f3 que esta situaci\u00f3n se presentar\u00eda el viernes 31 y 1 de febrero en las jurisdicciones de Ate Vitarte, Santa Anita, La Molina, por lo que recomend\u00f3 a la poblaci\u00f3n protegerse del sol para evitar da\u00f1os a la piel.<\/p>\n<p style=\"text-align: justify;\">\u00a0Para los d\u00edas mi\u00e9rcoles y jueves la temperatura m\u00e1xima en el Este alcanzar\u00e1 los 29 grados cent\u00edgrados y la m\u00ednima oscilar\u00e1 entre 18.5 a 20 grados.<\/p>\n<p style=\"text-align: justify;\">\u00a0En la zona Oeste de Lima la temperatura m\u00e1xima hasta el mi\u00e9rcoles alcanzar\u00e1 los 28.5 grados cent\u00edgrados, pero a partir del 30 y 31 de enero esta subir\u00e1 a 29. 5 grados.<\/p>\n<p style=\"text-align: justify;\">\u00a0Esta situaci\u00f3n se presentar\u00e1 en\u00a0 San Miguel, Chorrillos, Barranco, Miraflores y San Isidro, as\u00ed como en la Provincia Constitucional del Callao.<\/p>\n<p style=\"text-align: justify;\">\u00a0En las zonas antes mencionadas se prev\u00e9 la presencia de neblina, sobre todo, en la madrugada del mi\u00e9rcoles 29.<\/p>\n<p style=\"text-align: justify;\">\u00a0Mientras que los d\u00edas 31 de enero y 1 de febrero se prev\u00e9 la presencia de vientos en la zona costera de Lima que alcanzar\u00edan los 25 kil\u00f3metros por hora. F\/Andina \/Foto Turistanagazine<\/p>\n","protected":false},"excerpt":{"rendered":"<p>Los pobladores de los distritos del Este de Lima soportar\u00e1n una semana bastante calurosa al registrar temperaturas que alcanzar\u00e1n los 31 grados cent\u00edgrados, inform\u00f3 hoy el Servicio Nacional de Meteorolog\u00eda e Hidrolog\u00eda (Senamhi). \u00a0Teresa Garc\u00eda, especialista de la instituci\u00f3n, precis\u00f3 que esta situaci\u00f3n se presentar\u00eda el viernes 31 y 1 de febrero en las jurisdicciones de Ate Vitarte, Santa Anita, La Molina, por lo que recomend\u00f3 a la poblaci\u00f3n protegerse del sol para evitar da\u00f1os a la piel. \u00a0Para los d\u00edas mi\u00e9rcoles y jueves la temperatura m\u00e1xima en el Este alcanzar\u00e1 los 29 grados cent\u00edgrados y la m\u00ednima oscilar\u00e1 entre&#8230;<\/p>\n","protected":false},"author":1,"featured_media":0,"comment_status":"open","ping_status":"open","sticky":false,"template":"","format":"standard","meta":{"footnotes":""},"categories":[4,82],"tags":[321,233,322],"class_list":["post-1015","post","type-post","status-publish","format-standard","hentry","category-breaking-news","category-nacionales","tag-lima","tag-sentencia-de-la-haya-peru","tag-verano"],"_links":{"self":[{"href":"https:\/\/www.turistamagazine.com\/v2\/index.php?rest_route=\/wp\/v2\/posts\/1015","targetHints":{"allow":["GET"]}}],"collection":[{"href":"https:\/\/www.turistamagazine.com\/v2\/index.php?rest_route=\/wp\/v2\/posts"}],"about":[{"href":"https:\/\/www.turistamagazine.com\/v2\/index.php?rest_route=\/wp\/v2\/types\/post"}],"author":[{"embeddable":true,"href":"https:\/\/www.turistamagazine.com\/v2\/index.php?rest_route=\/wp\/v2\/users\/1"}],"replies":[{"embeddable":true,"href":"https:\/\/www.turistamagazine.com\/v2\/index.php?rest_route=%2Fwp%2Fv2%2Fcomments&post=1015"}],"version-history":[{"count":3,"href":"https:\/\/www.turistamagazine.com\/v2\/index.php?rest_route=\/wp\/v2\/posts\/1015\/revisions"}],"predecessor-version":[{"id":1019,"href":"https:\/\/www.turistamagazine.com\/v2\/index.php?rest_route=\/wp\/v2\/posts\/1015\/revisions\/1019"}],"wp:attachment":[{"href":"https:\/\/www.turistamagazine.com\/v2\/index.php?rest_route=%2Fwp%2Fv2%2Fmedia&parent=1015"}],"wp:term":[{"taxonomy":"category","embeddable":true,"href":"https:\/\/www.turistamagazine.com\/v2\/index.php?rest_route=%2Fwp%2Fv2%2Fcategories&post=1015"},{"taxonomy":"post_tag","embeddable":true,"href":"https:\/\/www.turistamagazine.com\/v2\/index.php?rest_route=%2Fwp%2Fv2%2Ftags&post=1015"}],"curies":[{"name":"wp","href":"https:\/\/api.w.org\/{rel}","templated":true}]}}