{"id":10113,"date":"2015-01-23T08:43:18","date_gmt":"2015-01-23T13:43:18","guid":{"rendered":"http:\/\/www.turistamagazine.com\/v2\/?p=10113"},"modified":"2015-01-23T08:43:18","modified_gmt":"2015-01-23T13:43:18","slug":"le-cordon-bleu-peru-inicia-clases-2015","status":"publish","type":"post","link":"https:\/\/www.turistamagazine.com\/v2\/?p=10113","title":{"rendered":"LE CORDON BLEU PER\u00da INICIA CLASES 2015"},"content":{"rendered":"<p style=\"text-align: justify;\">Lima, enero de 2015.- El instituto Le Cordon Bleu Per\u00fa, \u00fanica sede en Sudam\u00e9rica con certificado internacional,\u00a0 abre sus puertas para los que deseen aprender y formar parte de una instituci\u00f3n de prestigio\u00a0 con reconocimiento a nivel mundial, ofrece las carreras de \u201cadministraci\u00f3n hotelera, gastronom\u00eda, cocina, pasteler\u00eda y bar\u201d.<\/p>\n<p style=\"text-align: justify;\">Los estudiantes tendr\u00e1n todos los conocimientos necesarios para ser capaces de dirigir, dise\u00f1ar y administrar exitosamente hoteles, restaurantes, cocinas y otras entidades relacionadas con la gesti\u00f3n de servicios bajo la direcci\u00f3n de un staff de\u00a0 chefs internacionales y nacionales altamente reconocidos y profesionales referentes en hoteler\u00eda y turismo.<\/p>\n<p style=\"text-align: justify;\">Adem\u00e1s, Le Cordon Bleu Per\u00fa ofrece a sus alumnos mayores horas de pr\u00e1cticas en un agradable ambiente multicultural debido a los alumnos extranjeros, quienes son parte del 30% de la Escuela. Las\u00a0 carreras de pasteler\u00eda, bar y cocteler\u00eda y cocina\u00a0 tienen una duraci\u00f3n de dos a\u00f1os, mientras que la de administraci\u00f3n hotelera y gastronom\u00eda\u00a0 consta de tres a\u00f1os.<\/p>\n<p style=\"text-align: justify;\">El cierre de inscripciones finaliza el 30 de enero. Para mayores informes, comunicarse a informes@cordonbleu.edu.pe\u00a0 o al\u00a0 617-8300 anexos: 8344 \/ 8345.<\/p>\n<p style=\"text-align: justify;\">\n<p style=\"text-align: justify;\"><strong><em>Sobre LE CORDON BLEU PER\u00da<\/em><\/strong><\/p>\n<p style=\"text-align: justify;\">\n<p style=\"text-align: justify;\">Le Cordon Bleu Per\u00fa pertenece a la prestigiosa escuela Le Cordon Bleu Internacional, cuya sede se encuentra en Francia y que a lo largo de sus m\u00e1s de 120 a\u00f1os de experiencia, ha logrado la apertura de m\u00e1s de 50 escuelas internacionales, que atienden a m\u00e1s de 20.000 estudiantes en 25 pa\u00edses.<\/p>\n<p style=\"text-align: justify;\">En el Per\u00fa nace en el a\u00f1o 2000 para convertirse en la primera y \u00fanica sede para Am\u00e9rica del Sur, dedicada a la formaci\u00f3n de t\u00e9cnicos y profesionales en gastronom\u00eda y arte culinario; cocina; pasteler\u00eda; administraci\u00f3n de hoteles, restaurantes y afines; bar y cocteler\u00eda.<\/p>\n<p style=\"text-align: justify;\">Ofrece tres niveles de educaci\u00f3n superior: Universidad, Instituto y el Centro de Capacitaci\u00f3n T\u00e9cnico Productivo denominado Cordontec. Asimismo, brinda el \u00fanico MASTER CUISINE y MASTER PATISSERIE para Am\u00e9rica Latina. Tambi\u00e9n ofrece programas de Cata, Sommelier, Baristas y diversos diplomados. Adem\u00e1s, al t\u00e9rmino de la carrera, otorga el Diploma Internacional de LA FONDATION LE CORDON BLEU con validez y reconocimiento a nivel mundial, que se emite desde \u00c1msterdam para todas las escuelas Le Cordon Bleu del mundo.<\/p>\n<p style=\"text-align: justify;\">Mayor informaci\u00f3n visite: http:\/\/www.ilcb.edu.pe<\/p>\n","protected":false},"excerpt":{"rendered":"<p>Lima, enero de 2015.- El instituto Le Cordon Bleu Per\u00fa, \u00fanica sede en Sudam\u00e9rica con certificado internacional,\u00a0 abre sus puertas para los que deseen aprender y formar parte de una instituci\u00f3n de prestigio\u00a0 con reconocimiento a nivel mundial, ofrece las carreras de \u201cadministraci\u00f3n hotelera, gastronom\u00eda, cocina, pasteler\u00eda y bar\u201d. Los estudiantes tendr\u00e1n todos los conocimientos necesarios para ser capaces de dirigir, dise\u00f1ar y administrar exitosamente hoteles, restaurantes, cocinas y otras entidades relacionadas con la gesti\u00f3n de servicios bajo la direcci\u00f3n de un staff de\u00a0 chefs internacionales y nacionales altamente reconocidos y profesionales referentes en hoteler\u00eda y turismo. Adem\u00e1s, Le Cordon&#8230;<\/p>\n","protected":false},"author":1,"featured_media":0,"comment_status":"open","ping_status":"open","sticky":false,"template":"","format":"standard","meta":{"footnotes":""},"categories":[4,82],"tags":[241,849],"class_list":["post-10113","post","type-post","status-publish","format-standard","hentry","category-breaking-news","category-nacionales","tag-cordon-bleu","tag-le-cordon-bleu-peru"],"_links":{"self":[{"href":"https:\/\/www.turistamagazine.com\/v2\/index.php?rest_route=\/wp\/v2\/posts\/10113","targetHints":{"allow":["GET"]}}],"collection":[{"href":"https:\/\/www.turistamagazine.com\/v2\/index.php?rest_route=\/wp\/v2\/posts"}],"about":[{"href":"https:\/\/www.turistamagazine.com\/v2\/index.php?rest_route=\/wp\/v2\/types\/post"}],"author":[{"embeddable":true,"href":"https:\/\/www.turistamagazine.com\/v2\/index.php?rest_route=\/wp\/v2\/users\/1"}],"replies":[{"embeddable":true,"href":"https:\/\/www.turistamagazine.com\/v2\/index.php?rest_route=%2Fwp%2Fv2%2Fcomments&post=10113"}],"version-history":[{"count":1,"href":"https:\/\/www.turistamagazine.com\/v2\/index.php?rest_route=\/wp\/v2\/posts\/10113\/revisions"}],"predecessor-version":[{"id":10116,"href":"https:\/\/www.turistamagazine.com\/v2\/index.php?rest_route=\/wp\/v2\/posts\/10113\/revisions\/10116"}],"wp:attachment":[{"href":"https:\/\/www.turistamagazine.com\/v2\/index.php?rest_route=%2Fwp%2Fv2%2Fmedia&parent=10113"}],"wp:term":[{"taxonomy":"category","embeddable":true,"href":"https:\/\/www.turistamagazine.com\/v2\/index.php?rest_route=%2Fwp%2Fv2%2Fcategories&post=10113"},{"taxonomy":"post_tag","embeddable":true,"href":"https:\/\/www.turistamagazine.com\/v2\/index.php?rest_route=%2Fwp%2Fv2%2Ftags&post=10113"}],"curies":[{"name":"wp","href":"https:\/\/api.w.org\/{rel}","templated":true}]}}